{"id":225,"date":"2012-01-06T23:00:14","date_gmt":"2012-01-06T23:00:14","guid":{"rendered":"http:\/\/www.hsv-spittal.at\/?p=225"},"modified":"2012-02-17T15:23:17","modified_gmt":"2012-02-17T15:23:17","slug":"29-laserzlauf","status":"publish","type":"post","link":"http:\/\/www.hsv-spittal.at\/?p=225","title":{"rendered":"[Skibergsteigen] 29. Laserzlauf"},"content":{"rendered":"<p><span style=\"color: #0000ff;\">29. Laserzlauf Fr.6.1.2012<\/span><\/p>\n<p><a href=\"http:\/\/www.hsv-spittal.at\/wp-content\/uploads\/2012\/02\/laserz952264_web.jpg\"><img decoding=\"async\" loading=\"lazy\" src=\"http:\/\/www.hsv-spittal.at\/wp-content\/uploads\/2012\/02\/laserz952264_web-300x199.jpg\" alt=\"\" title=\"laserz952264_web\" width=\"300\" height=\"199\" class=\"aligncenter size-medium wp-image-226\" srcset=\"http:\/\/www.hsv-spittal.at\/wp-content\/uploads\/2012\/02\/laserz952264_web-300x199.jpg 300w, http:\/\/www.hsv-spittal.at\/wp-content\/uploads\/2012\/02\/laserz952264_web-100x66.jpg 100w, http:\/\/www.hsv-spittal.at\/wp-content\/uploads\/2012\/02\/laserz952264_web-150x99.jpg 150w, http:\/\/www.hsv-spittal.at\/wp-content\/uploads\/2012\/02\/laserz952264_web-400x266.jpg 400w, http:\/\/www.hsv-spittal.at\/wp-content\/uploads\/2012\/02\/laserz952264_web.jpg 600w\" sizes=\"(max-width: 300px) 100vw, 300px\" \/><\/a><\/p>\n<p>Skitouren Saisonauftakt in \u00d6sterreich ist der Alpine Laserzlauf.<\/p>\n<p>Heuer wurde wegen der Lawinengefahr der Start von Lavant zum Kreithof verlegt.<br \/>\nDie Veranstalter gaben vor dem Start die Wetterbedingungen durch. Start -1\u00b0, Wendepunkt bei der Karlsbaderh\u00fctte -10\u00b0 und Sturmb\u00f6hen.<br \/>\nUm 9.30 erfolgte der Start mit einem Kanonenschu\u00df.<\/p>\n<p>Die Strecke \u00fcber die pr\u00e4perierte Skipiste bis zur Dolomitenh\u00fctte war durch die B\u00e4ume vom Wind gesch\u00fctzt.<br \/>\nAb da verlief die Strecke in bis zu 50cm Pulverschee. Der Sturm nahm mit jedem H\u00f6henmeter zu.<br \/>\nNach dem die Felle unter dem Rennanzug verstaut waren begann der k\u00e4lteste Teil des Rennen.<\/p>\n<p>Bei Gegenwind, Schneefall und fast keiner Sicht (nur bis zu den gr\u00fcnen Streckenmarkierungsf\u00e4hnchen) mu\u00dften wir den Weg ausfahren.<br \/>\nDer ebene Weg bis zum Ziel bei der Dolomitenh\u00fctte wurde im Skatingschritt bew\u00e4ltigt.<br \/>\nIm Ziel war Jeder \u00fcber einen hei\u00dfen Tee froh.<\/p>\n<p><em>HSV Platzierungen:<\/em><br \/>\n<strong>ASTC Rennklasse<\/strong><br \/>\n8.\tLinseder Stefan\t\t1:28:20<br \/>\n<strong>Tourenklasse<\/strong><br \/>\n9.\tTautscher Hannes\t1:41:27<br \/>\n11.\tSteindl Fabian\t\t1:42:45<br \/>\n17.\tStrau\u00df Christof\t\t1:45:40<br \/>\n<strong>Teamwertung<\/strong><br \/>\n3.\tHSV Spittal 1\t\t5:09:53<\/p>\n<p><a href=\"http:\/\/www.youtube.com\/watch?v=4o672uo4D6A&#038;feature\" title=\"YouTube Video\" target=\"_blank\">hier der link zum offiziellen Clip des Laserzlaufs 2012 (<em>youtube<\/em>)<\/a><\/p>\n","protected":false},"excerpt":{"rendered":"<p>29. Laserzlauf Fr.6.1.2012 Skitouren Saisonauftakt in \u00d6sterreich ist der Alpine Laserzlauf. Heuer wurde wegen der Lawinengefahr der Start von Lavant zum Kreithof verlegt. Die Veranstalter gaben vor dem Start die Wetterbedingungen durch. Start -1\u00b0, Wendepunkt bei der Karlsbaderh\u00fctte -10\u00b0 und Sturmb\u00f6hen. Um 9.30 erfolgte der Start mit einem Kanonenschu\u00df. Die Strecke \u00fcber die pr\u00e4perierte Skipiste [&hellip;]<\/p>\n","protected":false},"author":1,"featured_media":0,"comment_status":"closed","ping_status":"open","sticky":false,"template":"","format":"standard","meta":{"ngg_post_thumbnail":0,"_links_to":"","_links_to_target":""},"categories":[12],"tags":[],"_links":{"self":[{"href":"http:\/\/www.hsv-spittal.at\/index.php?rest_route=\/wp\/v2\/posts\/225"}],"collection":[{"href":"http:\/\/www.hsv-spittal.at\/index.php?rest_route=\/wp\/v2\/posts"}],"about":[{"href":"http:\/\/www.hsv-spittal.at\/index.php?rest_route=\/wp\/v2\/types\/post"}],"author":[{"embeddable":true,"href":"http:\/\/www.hsv-spittal.at\/index.php?rest_route=\/wp\/v2\/users\/1"}],"replies":[{"embeddable":true,"href":"http:\/\/www.hsv-spittal.at\/index.php?rest_route=%2Fwp%2Fv2%2Fcomments&post=225"}],"version-history":[{"count":0,"href":"http:\/\/www.hsv-spittal.at\/index.php?rest_route=\/wp\/v2\/posts\/225\/revisions"}],"wp:attachment":[{"href":"http:\/\/www.hsv-spittal.at\/index.php?rest_route=%2Fwp%2Fv2%2Fmedia&parent=225"}],"wp:term":[{"taxonomy":"category","embeddable":true,"href":"http:\/\/www.hsv-spittal.at\/index.php?rest_route=%2Fwp%2Fv2%2Fcategories&post=225"},{"taxonomy":"post_tag","embeddable":true,"href":"http:\/\/www.hsv-spittal.at\/index.php?rest_route=%2Fwp%2Fv2%2Ftags&post=225"}],"curies":[{"name":"wp","href":"https:\/\/api.w.org\/{rel}","templated":true}]}}