{"id":237,"date":"2012-03-04T00:00:58","date_gmt":"2012-03-04T00:00:58","guid":{"rendered":"http:\/\/www.hsv-spittal.at\/?p=237"},"modified":"2012-03-10T06:35:45","modified_gmt":"2012-03-10T06:35:45","slug":"skibergsteigen-rennbericht-24-stunden-rennen-gastein","status":"publish","type":"post","link":"http:\/\/www.hsv-spittal.at\/?p=237","title":{"rendered":"[Skibergsteigen] Rennbericht 24 Stunden Rennen Gastein"},"content":{"rendered":"<div id=\"attachment_238\" style=\"width: 310px\" class=\"wp-caption aligncenter\"><a href=\"http:\/\/www.hsv-spittal.at\/wp-content\/uploads\/2012\/03\/gastein_24stunden.jpg\"><img aria-describedby=\"caption-attachment-238\" decoding=\"async\" loading=\"lazy\" src=\"http:\/\/www.hsv-spittal.at\/wp-content\/uploads\/2012\/03\/gastein_24stunden-300x199.jpg\" alt=\"24 Stunden Gastein\" title=\"24 Stunden Gastein\" width=\"300\" height=\"199\" class=\"size-medium wp-image-238\" srcset=\"http:\/\/www.hsv-spittal.at\/wp-content\/uploads\/2012\/03\/gastein_24stunden-300x199.jpg 300w, http:\/\/www.hsv-spittal.at\/wp-content\/uploads\/2012\/03\/gastein_24stunden-100x66.jpg 100w, http:\/\/www.hsv-spittal.at\/wp-content\/uploads\/2012\/03\/gastein_24stunden-150x99.jpg 150w, http:\/\/www.hsv-spittal.at\/wp-content\/uploads\/2012\/03\/gastein_24stunden-400x266.jpg 400w, http:\/\/www.hsv-spittal.at\/wp-content\/uploads\/2012\/03\/gastein_24stunden.jpg 720w\" sizes=\"(max-width: 300px) 100vw, 300px\" \/><\/a><p id=\"caption-attachment-238\" class=\"wp-caption-text\">24 Stunden Gastein<\/p><\/div>\n<p>Bereits im Dezember bin ich beim Planen der Rennsaison auf dieses au\u00dfergew\u00f6hnliche Rennen gesto\u00dfen, bzw. im Kopf hab ichs  schon l\u00e4nger gehabt. Gesagt, getan wurde die Anmeldung noch am gleichen Abend gemacht.<\/p>\n<p>Den Link zur Anmeldung gleich an <strong>Christof <\/strong>weiter gemailt und nach nicht langen \u00dcberredungsversuchen war auch schon Hr. Strau\u00df auf der Anmeldeliste zu finden.<\/p>\n<p><strong>Zur Vorbereitung wurde eine 12 Stunden sowie 2 Einheiten mit jeweils 8 Stunden zus\u00e4tzlich zum normalen Training eingelegt. <\/strong><br \/>\nAm Vortag wurden noch 2 Stunden mit Vorbereitungen vor allem mit der Speisen und Getr\u00e4nkezubereitung verbracht.<br \/>\nNun war es soweit ,trotz  jahrelanger Rennerfahrung war eine gewisse Nerv\u00f6sit\u00e4t nicht abzustreiten\u2026..<br \/>\nTreffpunkt  <span style=\"font-size: medium;\">Samstag 3.3.2012  7:30 Seeboden<\/span>, Aufbruch zum 24 Stunden Rennen nach Bad Gastein.<\/p>\n<p>Um 9:30 standen wir am Parkplatz Graukogel, konnten gleich bei der Liftstation unsere Nummern sowie unseren Chip abholen und mit dem Lift zum Start fahren. Die Zeit bis zum Rennstart um 12:00 verging relativ schnell, da man mit Einrichten der Eigenverpflegung  sowie dem Vorbereiten der Bekleidung in der Wechselzone besch\u00e4ftigt war.<\/p>\n<p>Bei optimalen Wetterverh\u00e4ltnissen wurde das Rennen <strong>um 12.00 gestartet<\/strong>, ist ersten Moment dachten wir es gut nur 1 mal die 508 hm hinauf. Das Tempo der Ersten war enorm, allerdings waren dies meist die Staffelteilnehmer, welche sich im 4er Team abwechseln konnten. <strong>Es ist nicht leicht anfangs langsamer zu gehen als man k\u00f6nnte, allerdings auf die Dauer gesehen das Vern\u00fcnftigste.<\/strong> <\/p>\n<p>Der F\u00fchrende und Titelverteidiger im Einzelbewerb <strong>Franz P\u00f6tzelsberger<\/strong> \u00fcberrundete uns bereits in der 3ten Runde, allerdings konnte er sein Tempo nicht durchhalten und beendete das Rennen mit 14224 Hm  als 4. <\/p>\n<p><strong>G\u00fcnther Hedl<\/strong> aus Mauthern konnte mit unglaublich konstanten Rundenzeiten ohne lange  Pausen den Sieg erringen, er schaffte 15864 Hm und somit um \u00fcber 1000 hm mehr als der 2te Barac Marinko (14748hm). Der 3 platzierte Markus Amon mu\u00dfte sich nach 24 Stunden um 32hm (14716) geschlagen geben.<\/p>\n<p><strong>Christof <\/strong>k\u00e4mpfte bis zum Schlu\u00df und konnte  mit 13381 HM den 7. Gesamtrang unter 55 gewerteten Teilnehmern erringen.<br \/>\nBei mir lief es bis um 0:30 auch sehr gut, da ich mir Kr\u00e4fte sparen wollte und mich nicht B\u00fccken zog ich den Ski beim Fellwechsel nach oben. Mit etwas zuviel Schwung ,und der vordere Befestigungsbacken ist gebrochen. Mit nur einem Ski fuhr ich ins Tal zum Auto um meinem Ersatzski zu holen und wieder ins Rennen einzusteigen. Die zus\u00e4tzlichen 400 hm(vom Parkplatz bis zum Rennstart) d\u00fcrften nicht geschadet haben, denn danach konnte auch ich mit recht passablen Rundenzeiten mithalten und mit gleich vielen H\u00f6henmetern wie der 9 und 10-platzierte den 11 Platz erreichen. (entspricht 25 Runden und 12700 hm).<\/p>\n<p>Im Gesamten kann man dem Gasteiner 24 Stunden Team zur Organisation nur Gratulieren <strong>und die Veranstaltung ,  jedem etwas Verr\u00fcckten empfehlen.<\/strong><\/p>\n<p>Alle Infos und Ergebnislisten auf <a href=\"http:\/\/www.gastein24.at\" title=\"http:\/\/www.gastein24.at\" target=\"_blank\">http:\/\/www.gastein24.at<\/a><br \/>\nMit sportlichen Tourengr\u00fc\u00dfen<\/p>\n<p><strong>Hannes Tautscher<\/strong><\/p>\n","protected":false},"excerpt":{"rendered":"<p>Bereits im Dezember bin ich beim Planen der Rennsaison auf dieses au\u00dfergew\u00f6hnliche Rennen gesto\u00dfen, bzw. im Kopf hab ichs schon l\u00e4nger gehabt. Gesagt, getan wurde die Anmeldung noch am gleichen Abend gemacht. Den Link zur Anmeldung gleich an Christof weiter gemailt und nach nicht langen \u00dcberredungsversuchen war auch schon Hr. Strau\u00df auf der Anmeldeliste zu [&hellip;]<\/p>\n","protected":false},"author":1,"featured_media":0,"comment_status":"closed","ping_status":"open","sticky":false,"template":"","format":"standard","meta":{"ngg_post_thumbnail":0,"_links_to":"","_links_to_target":""},"categories":[12],"tags":[],"_links":{"self":[{"href":"http:\/\/www.hsv-spittal.at\/index.php?rest_route=\/wp\/v2\/posts\/237"}],"collection":[{"href":"http:\/\/www.hsv-spittal.at\/index.php?rest_route=\/wp\/v2\/posts"}],"about":[{"href":"http:\/\/www.hsv-spittal.at\/index.php?rest_route=\/wp\/v2\/types\/post"}],"author":[{"embeddable":true,"href":"http:\/\/www.hsv-spittal.at\/index.php?rest_route=\/wp\/v2\/users\/1"}],"replies":[{"embeddable":true,"href":"http:\/\/www.hsv-spittal.at\/index.php?rest_route=%2Fwp%2Fv2%2Fcomments&post=237"}],"version-history":[{"count":0,"href":"http:\/\/www.hsv-spittal.at\/index.php?rest_route=\/wp\/v2\/posts\/237\/revisions"}],"wp:attachment":[{"href":"http:\/\/www.hsv-spittal.at\/index.php?rest_route=%2Fwp%2Fv2%2Fmedia&parent=237"}],"wp:term":[{"taxonomy":"category","embeddable":true,"href":"http:\/\/www.hsv-spittal.at\/index.php?rest_route=%2Fwp%2Fv2%2Fcategories&post=237"},{"taxonomy":"post_tag","embeddable":true,"href":"http:\/\/www.hsv-spittal.at\/index.php?rest_route=%2Fwp%2Fv2%2Ftags&post=237"}],"curies":[{"name":"wp","href":"https:\/\/api.w.org\/{rel}","templated":true}]}}